{"id":359,"date":"2020-11-05T15:19:14","date_gmt":"2020-11-05T14:19:14","guid":{"rendered":"https:\/\/aurasicommunication.com\/?post_type=presse&#038;p=359"},"modified":"2023-06-23T12:19:50","modified_gmt":"2023-06-23T10:19:50","slug":"crise-sanitaire-les-etudiants-paramedicaux-ne-doivent-pas-etre-la-variable-humaine-dajustement-dans-les-etablissements-de-sante","status":"publish","type":"presse","link":"https:\/\/aurasicommunication.com\/index.php\/presse\/crise-sanitaire-les-etudiants-paramedicaux-ne-doivent-pas-etre-la-variable-humaine-dajustement-dans-les-etablissements-de-sante\/","title":{"rendered":"Crise sanitaire : Les \u00e9tudiants param\u00e9dicaux ne doivent pas \u00eatre la variable humaine d\u2019ajustement dans les \u00e9tablissements de sant\u00e9."},"content":{"rendered":"<a href=\"https:\/\/aurasicommunication.com\/wp-content\/uploads\/securepdfs\/2022\/03\/20201105cprh.pdf\" class=\"pdfemb-viewer\" style=\"\" data-width=\"max\" data-height=\"max\" data-toolbar=\"both\" data-toolbar-fixed=\"on\">20201105cprh<\/a>\n<p class=\"wp-block-pdfemb-pdf-embedder-viewer\"><\/p>\n","protected":false},"featured_media":0,"template":"","tags":[],"class_list":["post-359","presse","type-presse","status-publish","hentry"],"acf":[],"aioseo_notices":[],"_links":{"self":[{"href":"https:\/\/aurasicommunication.com\/index.php\/wp-json\/wp\/v2\/presse\/359","targetHints":{"allow":["GET"]}}],"collection":[{"href":"https:\/\/aurasicommunication.com\/index.php\/wp-json\/wp\/v2\/presse"}],"about":[{"href":"https:\/\/aurasicommunication.com\/index.php\/wp-json\/wp\/v2\/types\/presse"}],"wp:attachment":[{"href":"https:\/\/aurasicommunication.com\/index.php\/wp-json\/wp\/v2\/media?parent=359"}],"wp:term":[{"taxonomy":"post_tag","embeddable":true,"href":"https:\/\/aurasicommunication.com\/index.php\/wp-json\/wp\/v2\/tags?post=359"}],"curies":[{"name":"wp","href":"https:\/\/api.w.org\/{rel}","templated":true}]}}