{"id":482,"date":"2022-01-25T10:43:00","date_gmt":"2022-01-25T09:43:00","guid":{"rendered":"https:\/\/aurasicommunication.com\/?post_type=presse&#038;p=482"},"modified":"2023-06-23T12:14:00","modified_gmt":"2023-06-23T10:14:00","slug":"presidentielles-la-profession-infirmiere-les-specialites-la-formation-et-les-etudiants-lancent-la-semaine-de-la-sante","status":"publish","type":"presse","link":"https:\/\/aurasicommunication.com\/index.php\/presse\/presidentielles-la-profession-infirmiere-les-specialites-la-formation-et-les-etudiants-lancent-la-semaine-de-la-sante\/","title":{"rendered":"Pr\u00e9sidentielles &#8211; La profession infirmi\u00e8re, les sp\u00e9cialit\u00e9s, la formation et les \u00e9tudiants lancent la semaine de la sant\u00e9"},"content":{"rendered":"<a href=\"https:\/\/aurasicommunication.com\/wp-content\/uploads\/securepdfs\/2022\/04\/20220125cppresidentielles2.pdf\" class=\"pdfemb-viewer\" style=\"\" data-width=\"max\" data-height=\"max\" data-toolbar=\"both\" data-toolbar-fixed=\"on\">20220125cppresidentielles2<\/a>\n<p class=\"wp-block-pdfemb-pdf-embedder-viewer\"><\/p>\n","protected":false},"featured_media":0,"template":"","tags":[],"class_list":["post-482","presse","type-presse","status-publish","hentry"],"acf":[],"aioseo_notices":[],"_links":{"self":[{"href":"https:\/\/aurasicommunication.com\/index.php\/wp-json\/wp\/v2\/presse\/482","targetHints":{"allow":["GET"]}}],"collection":[{"href":"https:\/\/aurasicommunication.com\/index.php\/wp-json\/wp\/v2\/presse"}],"about":[{"href":"https:\/\/aurasicommunication.com\/index.php\/wp-json\/wp\/v2\/types\/presse"}],"wp:attachment":[{"href":"https:\/\/aurasicommunication.com\/index.php\/wp-json\/wp\/v2\/media?parent=482"}],"wp:term":[{"taxonomy":"post_tag","embeddable":true,"href":"https:\/\/aurasicommunication.com\/index.php\/wp-json\/wp\/v2\/tags?post=482"}],"curies":[{"name":"wp","href":"https:\/\/api.w.org\/{rel}","templated":true}]}}