{"id":24,"count":1,"description":"","link":"https:\/\/aurasicommunication.com\/index.php\/tag\/garantir-lavenir-du-systeme-de-sante-grace-a-la-formation-les-enjeux-des-78emes-journees-nationales-detude-du-cefiec-a-tours\/","name":"Garantir l&#039;avenir du syst\u00e8me de sant\u00e9 gr\u00e2ce \u00e0 la formation Les enjeux des 78\u00e8mes Journ\u00e9es Nationales d&#039;Etude du CEFIEC \u00e0 Tours","slug":"garantir-lavenir-du-systeme-de-sante-grace-a-la-formation-les-enjeux-des-78emes-journees-nationales-detude-du-cefiec-a-tours","taxonomy":"post_tag","meta":[],"_links":{"self":[{"href":"https:\/\/aurasicommunication.com\/index.php\/wp-json\/wp\/v2\/tags\/24","targetHints":{"allow":["GET"]}}],"collection":[{"href":"https:\/\/aurasicommunication.com\/index.php\/wp-json\/wp\/v2\/tags"}],"about":[{"href":"https:\/\/aurasicommunication.com\/index.php\/wp-json\/wp\/v2\/taxonomies\/post_tag"}],"wp:post_type":[{"href":"https:\/\/aurasicommunication.com\/index.php\/wp-json\/wp\/v2\/posts?tags=24"},{"href":"https:\/\/aurasicommunication.com\/index.php\/wp-json\/wp\/v2\/presse?tags=24"},{"href":"https:\/\/aurasicommunication.com\/index.php\/wp-json\/wp\/v2\/video?tags=24"},{"href":"https:\/\/aurasicommunication.com\/index.php\/wp-json\/wp\/v2\/graphisme?tags=24"},{"href":"https:\/\/aurasicommunication.com\/index.php\/wp-json\/wp\/v2\/evenement?tags=24"},{"href":"https:\/\/aurasicommunication.com\/index.php\/wp-json\/wp\/v2\/client?tags=24"}],"curies":[{"name":"wp","href":"https:\/\/api.w.org\/{rel}","templated":true}]}}